{"id":3198,"date":"2021-04-12T17:56:25","date_gmt":"2021-04-12T20:56:25","guid":{"rendered":"https:\/\/isfd1-bue.infd.edu.ar\/sitio\/?p=3198"},"modified":"2021-04-12T18:03:25","modified_gmt":"2021-04-12T21:03:25","slug":"estoy-embarazada-puedo-tomar-licencia","status":"publish","type":"post","link":"https:\/\/isfd1-bue.infd.edu.ar\/sitio\/estoy-embarazada-puedo-tomar-licencia\/","title":{"rendered":"39-Estoy embarazada: \u00bfPuedo tomar licencia?"},"content":{"rendered":"<p>S\u00ed.\u00a0 Seg\u00fan la Ley N\u00b014637 de la Provincia de Buenos Aires: \u00abEl r\u00e9gimen especial de inasistencias justificadas comprender\u00e1, en el caso de alumnas embarazadas, un plazo m\u00e1ximo de treinta (30) d\u00edas h\u00e1biles, utilizables durante el embarazo o despu\u00e9s del nacimiento, de forma continua o fraccionada. En el caso de alumnos en condici\u00f3n de paternidad, el plazo m\u00e1ximo comprender\u00e1 cinco (5) d\u00edas h\u00e1biles, utilizables despu\u00e9s del nacimiento, de forma continua o fraccionada\u00bb (art. 3).<\/p>\n<p>El art\u00edculo 5 refiere a la lactancia materna: \u00abPosibil\u00edtase la adecuada lactancia, mediante el egreso del establecimiento, durante dos (2) horas diarias, a opci\u00f3n de la madre, y por un plazo no mayor de doce (12) meses, siguientes al nacimiento, pudi\u00e9ndose extender hasta los veinticuatro (24) meses durante treinta (30) minutos diarios\u00bb (art. 5)<\/p>\n<p>Por este medio te acercamos el <strong>texto completo<\/strong> de la Ley\u00a0a efectos de que conozcas el derecho que te asiste a acogerte al presente r\u00e9gimen: <a href=\"https:\/\/normas.gba.gob.ar\/documentos\/BEkoMfQ0.html\">https:\/\/normas.gba.gob.ar\/documentos\/BEkoMfQ0.html<\/a><\/p>\n<p>&nbsp;<\/p>\n","protected":false},"excerpt":{"rendered":"<p>S\u00ed.\u00a0 Seg\u00fan la Ley N\u00b014637 de la Provincia de Buenos Aires: \u00abEl r\u00e9gimen especial de inasistencias justificadas comprender\u00e1, en el caso de alumnas embarazadas, un plazo m\u00e1ximo de treinta (30) d\u00edas h\u00e1biles, utilizables durante el embarazo o despu\u00e9s del nacimiento, de forma continua o fraccionada. En el caso de alumnos en condici\u00f3n de paternidad, el &#8230; <a title=\"39-Estoy embarazada: \u00bfPuedo tomar licencia?\" class=\"read-more\" href=\"https:\/\/isfd1-bue.infd.edu.ar\/sitio\/estoy-embarazada-puedo-tomar-licencia\/\" aria-label=\"More on 39-Estoy embarazada: \u00bfPuedo tomar licencia?\">[+]<\/a><\/p>\n","protected":false},"author":1584,"featured_media":0,"comment_status":"open","ping_status":"open","sticky":false,"template":"","format":"standard","meta":[],"categories":[23,1],"tags":[],"acf":[],"_links":{"self":[{"href":"https:\/\/isfd1-bue.infd.edu.ar\/sitio\/wp-json\/wp\/v2\/posts\/3198"}],"collection":[{"href":"https:\/\/isfd1-bue.infd.edu.ar\/sitio\/wp-json\/wp\/v2\/posts"}],"about":[{"href":"https:\/\/isfd1-bue.infd.edu.ar\/sitio\/wp-json\/wp\/v2\/types\/post"}],"author":[{"embeddable":true,"href":"https:\/\/isfd1-bue.infd.edu.ar\/sitio\/wp-json\/wp\/v2\/users\/1584"}],"replies":[{"embeddable":true,"href":"https:\/\/isfd1-bue.infd.edu.ar\/sitio\/wp-json\/wp\/v2\/comments?post=3198"}],"version-history":[{"count":3,"href":"https:\/\/isfd1-bue.infd.edu.ar\/sitio\/wp-json\/wp\/v2\/posts\/3198\/revisions"}],"predecessor-version":[{"id":3202,"href":"https:\/\/isfd1-bue.infd.edu.ar\/sitio\/wp-json\/wp\/v2\/posts\/3198\/revisions\/3202"}],"wp:attachment":[{"href":"https:\/\/isfd1-bue.infd.edu.ar\/sitio\/wp-json\/wp\/v2\/media?parent=3198"}],"wp:term":[{"taxonomy":"category","embeddable":true,"href":"https:\/\/isfd1-bue.infd.edu.ar\/sitio\/wp-json\/wp\/v2\/categories?post=3198"},{"taxonomy":"post_tag","embeddable":true,"href":"https:\/\/isfd1-bue.infd.edu.ar\/sitio\/wp-json\/wp\/v2\/tags?post=3198"}],"curies":[{"name":"wp","href":"https:\/\/api.w.org\/{rel}","templated":true}]}}