{"id":3023,"date":"2021-03-24T17:43:14","date_gmt":"2021-03-24T20:43:14","guid":{"rendered":"https:\/\/isfd1-bue.infd.edu.ar\/sitio\/?p=3023"},"modified":"2021-03-24T17:43:54","modified_gmt":"2021-03-24T20:43:54","slug":"3023-2","status":"publish","type":"post","link":"https:\/\/isfd1-bue.infd.edu.ar\/sitio\/3023-2\/","title":{"rendered":"#24M Material D\u00eda de la Memoria por la Verdad y la Justicia"},"content":{"rendered":"<p>En el D\u00eda Nacional de la Memoria por la Verdad y la Justicia presentamos el siguiente material pedag\u00f3gico de libre acceso y circulaci\u00f3n elaborado por la Comisi\u00f3n de Identidad y Pedagog\u00eda de la Memoria del Instituto Superior de Formaci\u00f3n Docente N\u00b01 \u201cAbuelas de Plaza de Mayo\u201d Avellaneda. Marzo, 2021.<\/p>\n<p>Disponible en el siguiente link:<\/p>\n<p><a href=\"https:\/\/docs.google.com\/document\/d\/1W-KjQsdCTHe-MpvIeFck3HoLh0Wu2gBqfZ-BSRmVfRo\/edit?usp=sharing\">https:\/\/docs.google.com\/document\/d\/1W-KjQsdCTHe-MpvIeFck3HoLh0Wu2gBqfZ-BSRmVfRo\/edit?usp=sharing<\/a><\/p>\n<p>&nbsp;<\/p>\n<p>&nbsp;<\/p>\n","protected":false},"excerpt":{"rendered":"<p>En el D\u00eda Nacional de la Memoria por la Verdad y la Justicia presentamos el siguiente material pedag\u00f3gico de libre acceso y circulaci\u00f3n elaborado por la Comisi\u00f3n de Identidad y Pedagog\u00eda de la Memoria del Instituto Superior de Formaci\u00f3n Docente N\u00b01 \u201cAbuelas de Plaza de Mayo\u201d Avellaneda. Marzo, 2021. Disponible en el siguiente link: https:\/\/docs.google.com\/document\/d\/1W-KjQsdCTHe-MpvIeFck3HoLh0Wu2gBqfZ-BSRmVfRo\/edit?usp=sharing &#8230; <a title=\"#24M Material D\u00eda de la Memoria por la Verdad y la Justicia\" class=\"read-more\" href=\"https:\/\/isfd1-bue.infd.edu.ar\/sitio\/3023-2\/\" aria-label=\"More on #24M Material D\u00eda de la Memoria por la Verdad y la Justicia\">[+]<\/a><\/p>\n","protected":false},"author":1584,"featured_media":0,"comment_status":"open","ping_status":"open","sticky":false,"template":"","format":"standard","meta":[],"categories":[39],"tags":[],"acf":[],"_links":{"self":[{"href":"https:\/\/isfd1-bue.infd.edu.ar\/sitio\/wp-json\/wp\/v2\/posts\/3023"}],"collection":[{"href":"https:\/\/isfd1-bue.infd.edu.ar\/sitio\/wp-json\/wp\/v2\/posts"}],"about":[{"href":"https:\/\/isfd1-bue.infd.edu.ar\/sitio\/wp-json\/wp\/v2\/types\/post"}],"author":[{"embeddable":true,"href":"https:\/\/isfd1-bue.infd.edu.ar\/sitio\/wp-json\/wp\/v2\/users\/1584"}],"replies":[{"embeddable":true,"href":"https:\/\/isfd1-bue.infd.edu.ar\/sitio\/wp-json\/wp\/v2\/comments?post=3023"}],"version-history":[{"count":2,"href":"https:\/\/isfd1-bue.infd.edu.ar\/sitio\/wp-json\/wp\/v2\/posts\/3023\/revisions"}],"predecessor-version":[{"id":3025,"href":"https:\/\/isfd1-bue.infd.edu.ar\/sitio\/wp-json\/wp\/v2\/posts\/3023\/revisions\/3025"}],"wp:attachment":[{"href":"https:\/\/isfd1-bue.infd.edu.ar\/sitio\/wp-json\/wp\/v2\/media?parent=3023"}],"wp:term":[{"taxonomy":"category","embeddable":true,"href":"https:\/\/isfd1-bue.infd.edu.ar\/sitio\/wp-json\/wp\/v2\/categories?post=3023"},{"taxonomy":"post_tag","embeddable":true,"href":"https:\/\/isfd1-bue.infd.edu.ar\/sitio\/wp-json\/wp\/v2\/tags?post=3023"}],"curies":[{"name":"wp","href":"https:\/\/api.w.org\/{rel}","templated":true}]}}