{"id":2390,"date":"2020-08-30T20:30:27","date_gmt":"2020-08-30T23:30:27","guid":{"rendered":"https:\/\/isfd1-bue.infd.edu.ar\/sitio\/?p=2390"},"modified":"2020-08-30T20:30:27","modified_gmt":"2020-08-30T23:30:27","slug":"24-de-marzo-dia-de-la-memoria-por-la-verdad-y-la-justicia","status":"publish","type":"post","link":"https:\/\/isfd1-bue.infd.edu.ar\/sitio\/24-de-marzo-dia-de-la-memoria-por-la-verdad-y-la-justicia\/","title":{"rendered":"24 de Marzo: D\u00eda de la Memoria por la Verdad y la Justicia"},"content":{"rendered":"<p>&#x1f4da;En el D\u00eda de la Memoria, El Profesorado de Lengua y Literatura del ISFD N\u00b01 recomienda 5 lecturas imprescindibles, de f\u00e1cil acceso y libre circulaci\u00f3n, por la Verdad y la Justicia:<\/p>\n<p>#QuedateEnCasaLeyendo #EnCuarentenaTambi\u00e9nRecordamos<\/p>\n<p>&#x1f4da;Rodolfo Walsh \u201cCarta abierta de un escritor a la Junta Militar\u201d en <a href=\"http:\/\/apm.gov.ar\/periplosdememorias\/materiales\/1-1\/MaterialesPedagogicos\/CartaAbierta\/CartaAbiertaWalsh.pdf\">http:\/\/apm.gov.ar\/periplosdememorias\/materiales\/1-1\/MaterialesPedagogicos\/CartaAbierta\/CartaAbiertaWalsh.pdf<\/a><\/p>\n<p>&#x1f4da;Laura Devetach \u201cLa planta de Bartolo\u201d en<br \/>\n<a href=\"https:\/\/www.abuelas.org.ar\/archivos\/archivoGaleria\/la_planta_de_bartolo.pdf\">https:\/\/www.abuelas.org.ar\/archivos\/archivoGaleria\/la_planta_de_bartolo.pdf<\/a><\/p>\n<p>&#x1f4da;Elsa Bornemann \u201cUn elefante ocupa mucho espacio\u201d en <a href=\"https:\/\/www.abuelas.org.ar\/archivos\/archivoGaleria\/un_elefante_ocupa_mucho_espacio.pdf\">https:\/\/www.abuelas.org.ar\/archivos\/archivoGaleria\/un_elefante_ocupa_mucho_espacio.pdf<\/a><\/p>\n<p>&#x1f4da;H\u00e9ctor Germ\u00e1n Oesterheld y Francisco Solano L\u00f3pez \u201cEl Eternauta\u201d en<br \/>\n<a href=\"https:\/\/www.normaeditorial.com\/ficha\/9788467931457\/el-eternauta-edicion-remasterizada\/\">https:\/\/www.normaeditorial.com\/ficha\/9788467931457\/el-eternauta-edicion-remasterizada\/<\/a><\/p>\n<p>&#x1f4da;Haroldo Conti. Selecci\u00f3n de cuentos y novelas en <a href=\"http:\/\/conti.derhuman.jus.gov.ar\/areas\/institucional\/cuentos-y-novelas.php\">http:\/\/conti.derhuman.jus.gov.ar\/areas\/institucional\/cuentos-y-novelas.php<\/a><\/p>\n<p>&#x1f464;&#x27a1;&#xfe0f;Adem\u00e1s, los profesores de la Carrera recomiendan sus lecturas favoritas en: https:\/\/www.facebook.com\/lenguadeluno\/<\/p>\n<p>\u00bfCu\u00e1l es la tuya?&#x1f4da; \u00a1Arrobanos!<\/p>\n<p>#QuedateEnCasaLeyendo #EnCuarentenaTambi\u00e9nRecordamos<\/p>\n","protected":false},"excerpt":{"rendered":"<p>&#x1f4da;En el D\u00eda de la Memoria, El Profesorado de Lengua y Literatura del ISFD N\u00b01 recomienda 5 lecturas imprescindibles, de f\u00e1cil acceso y libre circulaci\u00f3n, por la Verdad y la Justicia: #QuedateEnCasaLeyendo #EnCuarentenaTambi\u00e9nRecordamos &#x1f4da;Rodolfo Walsh \u201cCarta abierta de un escritor a la Junta Militar\u201d en http:\/\/apm.gov.ar\/periplosdememorias\/materiales\/1-1\/MaterialesPedagogicos\/CartaAbierta\/CartaAbiertaWalsh.pdf &#x1f4da;Laura Devetach \u201cLa planta de Bartolo\u201d en https:\/\/www.abuelas.org.ar\/archivos\/archivoGaleria\/la_planta_de_bartolo.pdf &#x1f4da;Elsa &#8230; <a title=\"24 de Marzo: D\u00eda de la Memoria por la Verdad y la Justicia\" class=\"read-more\" href=\"https:\/\/isfd1-bue.infd.edu.ar\/sitio\/24-de-marzo-dia-de-la-memoria-por-la-verdad-y-la-justicia\/\" aria-label=\"More on 24 de Marzo: D\u00eda de la Memoria por la Verdad y la Justicia\">[+]<\/a><\/p>\n","protected":false},"author":1584,"featured_media":0,"comment_status":"open","ping_status":"open","sticky":false,"template":"","format":"standard","meta":[],"categories":[38],"tags":[],"acf":[],"_links":{"self":[{"href":"https:\/\/isfd1-bue.infd.edu.ar\/sitio\/wp-json\/wp\/v2\/posts\/2390"}],"collection":[{"href":"https:\/\/isfd1-bue.infd.edu.ar\/sitio\/wp-json\/wp\/v2\/posts"}],"about":[{"href":"https:\/\/isfd1-bue.infd.edu.ar\/sitio\/wp-json\/wp\/v2\/types\/post"}],"author":[{"embeddable":true,"href":"https:\/\/isfd1-bue.infd.edu.ar\/sitio\/wp-json\/wp\/v2\/users\/1584"}],"replies":[{"embeddable":true,"href":"https:\/\/isfd1-bue.infd.edu.ar\/sitio\/wp-json\/wp\/v2\/comments?post=2390"}],"version-history":[{"count":1,"href":"https:\/\/isfd1-bue.infd.edu.ar\/sitio\/wp-json\/wp\/v2\/posts\/2390\/revisions"}],"predecessor-version":[{"id":2391,"href":"https:\/\/isfd1-bue.infd.edu.ar\/sitio\/wp-json\/wp\/v2\/posts\/2390\/revisions\/2391"}],"wp:attachment":[{"href":"https:\/\/isfd1-bue.infd.edu.ar\/sitio\/wp-json\/wp\/v2\/media?parent=2390"}],"wp:term":[{"taxonomy":"category","embeddable":true,"href":"https:\/\/isfd1-bue.infd.edu.ar\/sitio\/wp-json\/wp\/v2\/categories?post=2390"},{"taxonomy":"post_tag","embeddable":true,"href":"https:\/\/isfd1-bue.infd.edu.ar\/sitio\/wp-json\/wp\/v2\/tags?post=2390"}],"curies":[{"name":"wp","href":"https:\/\/api.w.org\/{rel}","templated":true}]}}