{"id":2387,"date":"2020-08-30T20:27:07","date_gmt":"2020-08-30T23:27:07","guid":{"rendered":"https:\/\/isfd1-bue.infd.edu.ar\/sitio\/?p=2387"},"modified":"2020-08-30T20:27:49","modified_gmt":"2020-08-30T23:27:49","slug":"2-de-abril-dia-del-veterano-y-del-caido-en-malvinas","status":"publish","type":"post","link":"https:\/\/isfd1-bue.infd.edu.ar\/sitio\/2-de-abril-dia-del-veterano-y-del-caido-en-malvinas\/","title":{"rendered":"2 de Abril: D\u00eda del Veterano y de los Ca\u00eddos en Malvinas"},"content":{"rendered":"<p>#PensarMalvinas<\/p>\n<p>&#x1f1e6;&#x1f1f7;En este 2 de abril, el ISFD N\u00b01 te recomienda cuatro recursos para docentes en formaci\u00f3n, de f\u00e1cil acceso y libre circulaci\u00f3n para aprender y ense\u00f1ar sobre nuestro derecho a la soberan\u00eda.<\/p>\n<p>&#x1f1e6;&#x1f1f7;\u201cPensar Malvinas\u201d es un material elaborado por el Programa Educaci\u00f3n y Memoria, del Ministerio de Educaci\u00f3n de la Naci\u00f3n en el a\u00f1o 2014 que tiene por objetivo acompa\u00f1ar y facilitar la tarea docente para ense\u00f1ar un tema complejo de nuestra historia.<br \/>\n<a href=\"https:\/\/www.educ.ar\/recursos\/92494\/pensar-malvinas?from=150888\">https:\/\/www.educ.ar\/recursos\/92494\/pensar-malvinas?from=150888<\/a><\/p>\n<p>&#x1f4d2;La historia y geograf\u00eda de las Islas Malvinas se presentan a trav\u00e9s de cuadernos de clases y escenas escolares. El video que compartimos (cap\u00edtulo especial de la serie documental \u201cHistoria de un pa\u00eds Argentina siglo XX\u201d) nos invita a analizar del modo en que se ha inscripto el tema Malvinas en la cultura escolar y en la construcci\u00f3n de nuestra subjetividad.<br \/>\n<a href=\"https:\/\/www.educ.ar\/recursos\/50291\/especial-2-de-abril\">https:\/\/www.educ.ar\/recursos\/50291\/especial-2-de-abril<\/a><\/p>\n<p>&#x1f3bc;Las canciones cuentan historias, lo hacen a trav\u00e9s de la palabra y de la m\u00fasica. Tanto el prol\u00edfico rock nacional como el internacional han tomado la causa Malvinas (y la guerra en particular) para expresar diferentes sentires en relaci\u00f3n a esta causa que nos interpela.<br \/>\n<a href=\"http:\/\/crock.com.ar\/20-canciones-recordar-los-heroes-malvinas\/\">http:\/\/crock.com.ar\/20-canciones-recordar-los-heroes-malvinas\/<\/a><\/p>\n<p>&#x1f3ac;El cine tambi\u00e9n hizo propia la historia de Malvinas y narr\u00f3 la guerra a partir de la vivencia de un sobreviviente. Les acercamos la ficha t\u00e9cnica de \u201cIluminados por el fuego\u201d (2005): El intento de suicidio de un antiguo amigo soldado despierta los recuerdos de un hombre que, con solo 18 a\u00f1os, debi\u00f3 partir rumbo a la guerra de Malvinas.<\/p>\n<p>Fecha de estreno: 8 de septiembre de 2005 (Argentina)<br \/>\nDirector: Trist\u00e1n Bauer<br \/>\nM\u00fasica: Le\u00f3n Gieco; Luis Gurevich<\/p>\n<p><a href=\"https:\/\/www.educ.ar\/recursos\/120058\/iluminados-por-el-fuego-2005\">https:\/\/www.educ.ar\/recursos\/120058\/iluminados-por-el-fuego-2005<\/a><\/p>\n<p>&#x1f4da;La ficci\u00f3n es una gran aliada de la historia, cuenta de otros modos los hechos, las experiencias, los miedos, las fortalezas. Lxs invitamos a buscar en la literatura las marcas de Malvinas:<br \/>\n<a href=\"http:\/\/planlectura.educ.ar\/wp-content\/uploads\/2015\/12\/Nadar-de-pieSandra-Comino.pdf\">http:\/\/planlectura.educ.ar\/wp-content\/uploads\/2015\/12\/Nadar-de-pieSandra-Comino.pdf<\/a><\/p>\n<p><a href=\"http:\/\/planlectura.educ.ar\/wp-content\/uploads\/2015\/12\/Tito-nuncam%C3%A1s-Mempo-Giardinelli.pdf\">http:\/\/planlectura.educ.ar\/wp-content\/uploads\/2015\/12\/Tito-nuncam%C3%A1s-Mempo-Giardinelli.pdf<\/a><\/p>\n","protected":false},"excerpt":{"rendered":"<p>#PensarMalvinas &#x1f1e6;&#x1f1f7;En este 2 de abril, el ISFD N\u00b01 te recomienda cuatro recursos para docentes en formaci\u00f3n, de f\u00e1cil acceso y libre circulaci\u00f3n para aprender y ense\u00f1ar sobre nuestro derecho a la soberan\u00eda. &#x1f1e6;&#x1f1f7;\u201cPensar Malvinas\u201d es un material elaborado por el Programa Educaci\u00f3n y Memoria, del Ministerio de Educaci\u00f3n de la Naci\u00f3n en el a\u00f1o &#8230; <a title=\"2 de Abril: D\u00eda del Veterano y de los Ca\u00eddos en Malvinas\" class=\"read-more\" href=\"https:\/\/isfd1-bue.infd.edu.ar\/sitio\/2-de-abril-dia-del-veterano-y-del-caido-en-malvinas\/\" aria-label=\"More on 2 de Abril: D\u00eda del Veterano y de los Ca\u00eddos en Malvinas\">[+]<\/a><\/p>\n","protected":false},"author":1584,"featured_media":0,"comment_status":"open","ping_status":"open","sticky":false,"template":"","format":"standard","meta":[],"categories":[38],"tags":[],"acf":[],"_links":{"self":[{"href":"https:\/\/isfd1-bue.infd.edu.ar\/sitio\/wp-json\/wp\/v2\/posts\/2387"}],"collection":[{"href":"https:\/\/isfd1-bue.infd.edu.ar\/sitio\/wp-json\/wp\/v2\/posts"}],"about":[{"href":"https:\/\/isfd1-bue.infd.edu.ar\/sitio\/wp-json\/wp\/v2\/types\/post"}],"author":[{"embeddable":true,"href":"https:\/\/isfd1-bue.infd.edu.ar\/sitio\/wp-json\/wp\/v2\/users\/1584"}],"replies":[{"embeddable":true,"href":"https:\/\/isfd1-bue.infd.edu.ar\/sitio\/wp-json\/wp\/v2\/comments?post=2387"}],"version-history":[{"count":2,"href":"https:\/\/isfd1-bue.infd.edu.ar\/sitio\/wp-json\/wp\/v2\/posts\/2387\/revisions"}],"predecessor-version":[{"id":2389,"href":"https:\/\/isfd1-bue.infd.edu.ar\/sitio\/wp-json\/wp\/v2\/posts\/2387\/revisions\/2389"}],"wp:attachment":[{"href":"https:\/\/isfd1-bue.infd.edu.ar\/sitio\/wp-json\/wp\/v2\/media?parent=2387"}],"wp:term":[{"taxonomy":"category","embeddable":true,"href":"https:\/\/isfd1-bue.infd.edu.ar\/sitio\/wp-json\/wp\/v2\/categories?post=2387"},{"taxonomy":"post_tag","embeddable":true,"href":"https:\/\/isfd1-bue.infd.edu.ar\/sitio\/wp-json\/wp\/v2\/tags?post=2387"}],"curies":[{"name":"wp","href":"https:\/\/api.w.org\/{rel}","templated":true}]}}