{"id":2143,"date":"2020-06-05T19:06:19","date_gmt":"2020-06-05T22:06:19","guid":{"rendered":"https:\/\/isfd1-bue.infd.edu.ar\/sitio\/?p=2143"},"modified":"2020-06-05T19:06:19","modified_gmt":"2020-06-05T22:06:19","slug":"cuando-y-donde-debo-volcar-las-notas-de-las-evaluaciones-parciales","status":"publish","type":"post","link":"https:\/\/isfd1-bue.infd.edu.ar\/sitio\/cuando-y-donde-debo-volcar-las-notas-de-las-evaluaciones-parciales\/","title":{"rendered":"\u00bfCu\u00e1ndo y d\u00f3nde debo volcar las notas de las evaluaciones parciales?"},"content":{"rendered":"<p>Una vez finalizado el per\u00edodo de inscripci\u00f3n, cada docente podr\u00e1 acceder v\u00eda preceptor\u00eda al registro de avance acad\u00e9mico de los\/las estudiantes de cada una de las materias a su cargo. En dicha planilla se deben volcar las notas de cada estudiante (de parciales y recuperatorios) procurando no dejar espacios en blanco. Recuerde que la \u201cA\u201d significa \u201cAusente\u201d. Nunca agregar manualmente estudiantes a la planilla de avance acad\u00e9mico. Consultar a su preceptor\/a.<\/p>\n","protected":false},"excerpt":{"rendered":"<p>Una vez finalizado el per\u00edodo de inscripci\u00f3n, cada docente podr\u00e1 acceder v\u00eda preceptor\u00eda al registro de avance acad\u00e9mico de los\/las estudiantes de cada una de las materias a su cargo. En dicha planilla se deben volcar las notas de cada estudiante (de parciales y recuperatorios) procurando no dejar espacios en blanco. Recuerde que la \u201cA\u201d &#8230; <a title=\"\u00bfCu\u00e1ndo y d\u00f3nde debo volcar las notas de las evaluaciones parciales?\" class=\"read-more\" href=\"https:\/\/isfd1-bue.infd.edu.ar\/sitio\/cuando-y-donde-debo-volcar-las-notas-de-las-evaluaciones-parciales\/\" aria-label=\"More on \u00bfCu\u00e1ndo y d\u00f3nde debo volcar las notas de las evaluaciones parciales?\">[+]<\/a><\/p>\n","protected":false},"author":1584,"featured_media":0,"comment_status":"open","ping_status":"open","sticky":false,"template":"","format":"standard","meta":[],"categories":[36,28],"tags":[],"acf":[],"_links":{"self":[{"href":"https:\/\/isfd1-bue.infd.edu.ar\/sitio\/wp-json\/wp\/v2\/posts\/2143"}],"collection":[{"href":"https:\/\/isfd1-bue.infd.edu.ar\/sitio\/wp-json\/wp\/v2\/posts"}],"about":[{"href":"https:\/\/isfd1-bue.infd.edu.ar\/sitio\/wp-json\/wp\/v2\/types\/post"}],"author":[{"embeddable":true,"href":"https:\/\/isfd1-bue.infd.edu.ar\/sitio\/wp-json\/wp\/v2\/users\/1584"}],"replies":[{"embeddable":true,"href":"https:\/\/isfd1-bue.infd.edu.ar\/sitio\/wp-json\/wp\/v2\/comments?post=2143"}],"version-history":[{"count":1,"href":"https:\/\/isfd1-bue.infd.edu.ar\/sitio\/wp-json\/wp\/v2\/posts\/2143\/revisions"}],"predecessor-version":[{"id":2144,"href":"https:\/\/isfd1-bue.infd.edu.ar\/sitio\/wp-json\/wp\/v2\/posts\/2143\/revisions\/2144"}],"wp:attachment":[{"href":"https:\/\/isfd1-bue.infd.edu.ar\/sitio\/wp-json\/wp\/v2\/media?parent=2143"}],"wp:term":[{"taxonomy":"category","embeddable":true,"href":"https:\/\/isfd1-bue.infd.edu.ar\/sitio\/wp-json\/wp\/v2\/categories?post=2143"},{"taxonomy":"post_tag","embeddable":true,"href":"https:\/\/isfd1-bue.infd.edu.ar\/sitio\/wp-json\/wp\/v2\/tags?post=2143"}],"curies":[{"name":"wp","href":"https:\/\/api.w.org\/{rel}","templated":true}]}}