{"id":1833,"date":"2020-03-27T15:38:33","date_gmt":"2020-03-27T18:38:33","guid":{"rendered":"https:\/\/isfd1-bue.infd.edu.ar\/sitio\/?p=1833"},"modified":"2020-11-06T11:02:28","modified_gmt":"2020-11-06T14:02:28","slug":"17-que-ocurre-si-la-equivalencia-no-es-otorgada","status":"publish","type":"post","link":"https:\/\/isfd1-bue.infd.edu.ar\/sitio\/17-que-ocurre-si-la-equivalencia-no-es-otorgada\/","title":{"rendered":"17- \u00bfQu\u00e9 ocurre si la equivalencia no es otorgada?"},"content":{"rendered":"<p>Al evaluar el programa (cantidad de horas de cursada, contenidos y bibliograf\u00eda, objetivos, etc.) el docente podr\u00e1 constituir un acuerdo pedag\u00f3gico, en el marco del PIE, con aquel estudiante al que se le ha denegado la equivalencia. El estudiante deber\u00e1 cumplir con lo acordado en el marco de la cursada regular.<\/p>\n<p>En caso que sea denegada en su totalidad, el estudiante deber\u00e1 cursarla de forma regular.<\/p>\n","protected":false},"excerpt":{"rendered":"<p>Al evaluar el programa (cantidad de horas de cursada, contenidos y bibliograf\u00eda, objetivos, etc.) el docente podr\u00e1 constituir un acuerdo pedag\u00f3gico, en el marco del PIE, con aquel estudiante al que se le ha denegado la equivalencia. El estudiante deber\u00e1 cumplir con lo acordado en el marco de la cursada regular. En caso que sea &#8230; <a title=\"17- \u00bfQu\u00e9 ocurre si la equivalencia no es otorgada?\" class=\"read-more\" href=\"https:\/\/isfd1-bue.infd.edu.ar\/sitio\/17-que-ocurre-si-la-equivalencia-no-es-otorgada\/\" aria-label=\"More on 17- \u00bfQu\u00e9 ocurre si la equivalencia no es otorgada?\">[+]<\/a><\/p>\n","protected":false},"author":1584,"featured_media":0,"comment_status":"open","ping_status":"open","sticky":false,"template":"","format":"standard","meta":[],"categories":[19,20,1],"tags":[],"acf":[],"_links":{"self":[{"href":"https:\/\/isfd1-bue.infd.edu.ar\/sitio\/wp-json\/wp\/v2\/posts\/1833"}],"collection":[{"href":"https:\/\/isfd1-bue.infd.edu.ar\/sitio\/wp-json\/wp\/v2\/posts"}],"about":[{"href":"https:\/\/isfd1-bue.infd.edu.ar\/sitio\/wp-json\/wp\/v2\/types\/post"}],"author":[{"embeddable":true,"href":"https:\/\/isfd1-bue.infd.edu.ar\/sitio\/wp-json\/wp\/v2\/users\/1584"}],"replies":[{"embeddable":true,"href":"https:\/\/isfd1-bue.infd.edu.ar\/sitio\/wp-json\/wp\/v2\/comments?post=1833"}],"version-history":[{"count":2,"href":"https:\/\/isfd1-bue.infd.edu.ar\/sitio\/wp-json\/wp\/v2\/posts\/1833\/revisions"}],"predecessor-version":[{"id":2683,"href":"https:\/\/isfd1-bue.infd.edu.ar\/sitio\/wp-json\/wp\/v2\/posts\/1833\/revisions\/2683"}],"wp:attachment":[{"href":"https:\/\/isfd1-bue.infd.edu.ar\/sitio\/wp-json\/wp\/v2\/media?parent=1833"}],"wp:term":[{"taxonomy":"category","embeddable":true,"href":"https:\/\/isfd1-bue.infd.edu.ar\/sitio\/wp-json\/wp\/v2\/categories?post=1833"},{"taxonomy":"post_tag","embeddable":true,"href":"https:\/\/isfd1-bue.infd.edu.ar\/sitio\/wp-json\/wp\/v2\/tags?post=1833"}],"curies":[{"name":"wp","href":"https:\/\/api.w.org\/{rel}","templated":true}]}}