{"id":1831,"date":"2020-03-27T15:36:37","date_gmt":"2020-03-27T18:36:37","guid":{"rendered":"https:\/\/isfd1-bue.infd.edu.ar\/sitio\/?p=1831"},"modified":"2020-03-27T15:36:37","modified_gmt":"2020-03-27T18:36:37","slug":"15-cual-es-el-criterio-para-considerar-las-correlatividades","status":"publish","type":"post","link":"https:\/\/isfd1-bue.infd.edu.ar\/sitio\/15-cual-es-el-criterio-para-considerar-las-correlatividades\/","title":{"rendered":"15- \u00bfCu\u00e1l es el criterio para considerar las correlatividades?"},"content":{"rendered":"<p>-Para todos los casos el r\u00e9gimen de correlatividades se establece: cursada por cursada, final por final, incluyendo el Campo de la Pr\u00e1ctica Docente o Pr\u00e1cticas Profesionalizantes. Motivo por el cual la apertura de 3er. A\u00f1o se puede realizar con todas las unidades curriculares cursadas y aprobadas a\u00fan cuando se adeude finales. Id\u00e9ntica situaci\u00f3n se establece para la apertura de 4to. A\u00f1o con relaci\u00f3n a segundo (es decir que para cursar tercer a\u00f1o debo tener todas las unidades curriculares de primero aprobadas aunque no est\u00e9n a\u00fan acreditadas y lo mismo sucede para cuarto a\u00f1o respecto a las materias de segundo a\u00f1o) (Comunicaci\u00f3n 32\/10 ampliatoria de la res; 4043\/09)<\/p>\n<p><strong>ATENCI\u00d3N<\/strong>: si al estudiante se le \u00abvence\u00bb la cursada ( en caso de que no apruebe o no se presenta luego de cinco a\u00f1os a firmar la libreta o a rendir examen de una materia en la instancia de final) autom\u00e1ticamente perder\u00e1 la cursada de todas las materias que posea y que sean correlativas a la misma.<\/p>\n","protected":false},"excerpt":{"rendered":"<p>-Para todos los casos el r\u00e9gimen de correlatividades se establece: cursada por cursada, final por final, incluyendo el Campo de la Pr\u00e1ctica Docente o Pr\u00e1cticas Profesionalizantes. Motivo por el cual la apertura de 3er. A\u00f1o se puede realizar con todas las unidades curriculares cursadas y aprobadas a\u00fan cuando se adeude finales. Id\u00e9ntica situaci\u00f3n se establece &#8230; <a title=\"15- \u00bfCu\u00e1l es el criterio para considerar las correlatividades?\" class=\"read-more\" href=\"https:\/\/isfd1-bue.infd.edu.ar\/sitio\/15-cual-es-el-criterio-para-considerar-las-correlatividades\/\" aria-label=\"More on 15- \u00bfCu\u00e1l es el criterio para considerar las correlatividades?\">[+]<\/a><\/p>\n","protected":false},"author":1584,"featured_media":0,"comment_status":"open","ping_status":"open","sticky":false,"template":"","format":"standard","meta":[],"categories":[19,1],"tags":[],"acf":[],"_links":{"self":[{"href":"https:\/\/isfd1-bue.infd.edu.ar\/sitio\/wp-json\/wp\/v2\/posts\/1831"}],"collection":[{"href":"https:\/\/isfd1-bue.infd.edu.ar\/sitio\/wp-json\/wp\/v2\/posts"}],"about":[{"href":"https:\/\/isfd1-bue.infd.edu.ar\/sitio\/wp-json\/wp\/v2\/types\/post"}],"author":[{"embeddable":true,"href":"https:\/\/isfd1-bue.infd.edu.ar\/sitio\/wp-json\/wp\/v2\/users\/1584"}],"replies":[{"embeddable":true,"href":"https:\/\/isfd1-bue.infd.edu.ar\/sitio\/wp-json\/wp\/v2\/comments?post=1831"}],"version-history":[{"count":1,"href":"https:\/\/isfd1-bue.infd.edu.ar\/sitio\/wp-json\/wp\/v2\/posts\/1831\/revisions"}],"predecessor-version":[{"id":1832,"href":"https:\/\/isfd1-bue.infd.edu.ar\/sitio\/wp-json\/wp\/v2\/posts\/1831\/revisions\/1832"}],"wp:attachment":[{"href":"https:\/\/isfd1-bue.infd.edu.ar\/sitio\/wp-json\/wp\/v2\/media?parent=1831"}],"wp:term":[{"taxonomy":"category","embeddable":true,"href":"https:\/\/isfd1-bue.infd.edu.ar\/sitio\/wp-json\/wp\/v2\/categories?post=1831"},{"taxonomy":"post_tag","embeddable":true,"href":"https:\/\/isfd1-bue.infd.edu.ar\/sitio\/wp-json\/wp\/v2\/tags?post=1831"}],"curies":[{"name":"wp","href":"https:\/\/api.w.org\/{rel}","templated":true}]}}