{"id":1823,"date":"2020-03-27T15:14:50","date_gmt":"2020-03-27T18:14:50","guid":{"rendered":"https:\/\/isfd1-bue.infd.edu.ar\/sitio\/?p=1823"},"modified":"2020-03-27T15:14:50","modified_gmt":"2020-03-27T18:14:50","slug":"10-como-se-acredita-una-materia-con-examen-final","status":"publish","type":"post","link":"https:\/\/isfd1-bue.infd.edu.ar\/sitio\/10-como-se-acredita-una-materia-con-examen-final\/","title":{"rendered":"10- \u00bfC\u00f3mo se acredita una materia con examen final?"},"content":{"rendered":"<p>Son condiciones generales para obtener la acreditaci\u00f3n con examen final:<\/p>\n<p>-Aprobaci\u00f3n de la cursada.<\/p>\n<p>-Aprobaci\u00f3n de la\/s unidades curriculares\u00a0 determinadas como correlativas en los planes de estudio. Es importante en este caso tener en cuenta el apto del Taller de Fono para poder cursar las pr\u00e1cticas de tercero y cuarto.<\/p>\n<p>-Aprobaci\u00f3n de un examen final ante una comisi\u00f3n evaluadora presidida por el profesor de la unidad curricular e integrada como m\u00ednimo por un miembro m\u00e1s. Esta evaluaci\u00f3n final ser\u00e1 calificada por escala num\u00e9rica de 1 a 10. La nota de aprobaci\u00f3n ser\u00e1 de 4 (cuatro) o m\u00e1s sin cent\u00e9simos.<\/p>\n<p>-En nuestra instituci\u00f3n se organiza en\u00a0 tres turnos de acreditaci\u00f3n final al a\u00f1o, en noviembre\/diciembre (dos llamados), febrero\/marzo (dos llamados)\u00a0 y julio\/agosto (un solo llamado), con un total de cinco llamados anuales, distribuidos en los tres turnos.<\/p>\n<p>-Es importante aclarar que TODAS LAS UNIDADES CURRICULARES CURSADAS, SEAN ATENEOS, MATERIAS, TALLERES, PR\u00c1CTICAS DOCENTES,\u00a0 DEBEN ACREDITARSE EN LAS MESAS DE EX\u00c1MENES. Es decir que si por ejemplo curs\u00e9 un taller y aprob\u00e9 la cursada TENGO QUE ASISTIR AL LLAMADO\u00a0 DE MESAS PARA PODER DEJAR ASENTADA \u00c9SA NOTA. Si no hago este tr\u00e1mite la materia NO EST\u00c1 ACREDITADA esta solo cursada..<\/p>\n<p>Esto es v\u00e1lido tambi\u00e9n para las materias promocionales<\/p>\n<p>-Cabe aclarar que en el caso de los talleres de <strong><em>Lectura, Escritura y oralidad <\/em><\/strong>y <strong><em>de Pensamiento l\u00f3gico Matem\u00e1tico <\/em><\/strong>de primer a\u00f1o, s\u00f3lo pueden acreditarse <strong><em>en el turno de noviembre\/diciembre o febrero\/ marzo, es decir\u00a0 NO es posible bajarlos en agosto. <\/em><\/strong><\/p>\n<p>-El estudiante podr\u00e1 presentarse\u00a0 en la misma unidad curricular solamente a un llamado por turno.<\/p>\n","protected":false},"excerpt":{"rendered":"<p>Son condiciones generales para obtener la acreditaci\u00f3n con examen final: -Aprobaci\u00f3n de la cursada. -Aprobaci\u00f3n de la\/s unidades curriculares\u00a0 determinadas como correlativas en los planes de estudio. Es importante en este caso tener en cuenta el apto del Taller de Fono para poder cursar las pr\u00e1cticas de tercero y cuarto. -Aprobaci\u00f3n de un examen final &#8230; <a title=\"10- \u00bfC\u00f3mo se acredita una materia con examen final?\" class=\"read-more\" href=\"https:\/\/isfd1-bue.infd.edu.ar\/sitio\/10-como-se-acredita-una-materia-con-examen-final\/\" aria-label=\"More on 10- \u00bfC\u00f3mo se acredita una materia con examen final?\">[+]<\/a><\/p>\n","protected":false},"author":1584,"featured_media":0,"comment_status":"open","ping_status":"open","sticky":false,"template":"","format":"standard","meta":[],"categories":[18,1],"tags":[],"acf":[],"_links":{"self":[{"href":"https:\/\/isfd1-bue.infd.edu.ar\/sitio\/wp-json\/wp\/v2\/posts\/1823"}],"collection":[{"href":"https:\/\/isfd1-bue.infd.edu.ar\/sitio\/wp-json\/wp\/v2\/posts"}],"about":[{"href":"https:\/\/isfd1-bue.infd.edu.ar\/sitio\/wp-json\/wp\/v2\/types\/post"}],"author":[{"embeddable":true,"href":"https:\/\/isfd1-bue.infd.edu.ar\/sitio\/wp-json\/wp\/v2\/users\/1584"}],"replies":[{"embeddable":true,"href":"https:\/\/isfd1-bue.infd.edu.ar\/sitio\/wp-json\/wp\/v2\/comments?post=1823"}],"version-history":[{"count":1,"href":"https:\/\/isfd1-bue.infd.edu.ar\/sitio\/wp-json\/wp\/v2\/posts\/1823\/revisions"}],"predecessor-version":[{"id":1824,"href":"https:\/\/isfd1-bue.infd.edu.ar\/sitio\/wp-json\/wp\/v2\/posts\/1823\/revisions\/1824"}],"wp:attachment":[{"href":"https:\/\/isfd1-bue.infd.edu.ar\/sitio\/wp-json\/wp\/v2\/media?parent=1823"}],"wp:term":[{"taxonomy":"category","embeddable":true,"href":"https:\/\/isfd1-bue.infd.edu.ar\/sitio\/wp-json\/wp\/v2\/categories?post=1823"},{"taxonomy":"post_tag","embeddable":true,"href":"https:\/\/isfd1-bue.infd.edu.ar\/sitio\/wp-json\/wp\/v2\/tags?post=1823"}],"curies":[{"name":"wp","href":"https:\/\/api.w.org\/{rel}","templated":true}]}}