{"id":1814,"date":"2020-03-27T15:05:03","date_gmt":"2020-03-27T18:05:03","guid":{"rendered":"https:\/\/isfd1-bue.infd.edu.ar\/sitio\/?p=1814"},"modified":"2020-03-27T15:05:03","modified_gmt":"2020-03-27T18:05:03","slug":"14-como-se-acreditan-los-talleres-de-pensamiento-logico-matematico-y-el-taller-de-lectura-escritura-y-oralidad-de-primer-ano-de-las-carreras-de-inicial-primaria-y-especial","status":"publish","type":"post","link":"https:\/\/isfd1-bue.infd.edu.ar\/sitio\/14-como-se-acreditan-los-talleres-de-pensamiento-logico-matematico-y-el-taller-de-lectura-escritura-y-oralidad-de-primer-ano-de-las-carreras-de-inicial-primaria-y-especial\/","title":{"rendered":"14- \u00bfC\u00f3mo se acreditan los talleres de Pensamiento l\u00f3gico matem\u00e1tico y el Taller de lectura escritura y oralidad de primer a\u00f1o de las carreras de Inicial, Primaria y Especial?"},"content":{"rendered":"<p>La aprobaci\u00f3n de la cursada es de por lo menos una instancia individual, escrita, presencial por\u00a0 cuatrimestre (con sus respectivos recuperatorios).<\/p>\n<p>Para acceder a la instancia de cierre:<\/p>\n<p>1- Quienes obtuvieren una calificaci\u00f3n entre 4 (cuatro) y 10 (diez) puntos en la cursada, deber\u00e1n presentarse a la instancia de mesa de examen de la materia para poder obtener la nota final en los diferentes llamados que el instituto estipula con el fin de acreditar el taller.<\/p>\n<p>2- En caso que la\/el estudiante no hubiera obtenido la aprobaci\u00f3n de una o ambas\u00a0 instancias de evaluaci\u00f3n cuatrimestrales, deber\u00e1 presentarse en los distintos llamados de las mesas examinadoras de finales para recuperar dichos contenidos. A tal fin, el docente deber\u00e1 agregar en el acta volante a quien se presentare para dejar asentada la acreditaci\u00f3n o no de dicho espacio.<\/p>\n<p>3- Si bien el espacio taller no se recursa, el o la estudiante que considere pertinente volver a cursarlo para apropiarse mejor de los contenidos o herramientas que el taller ofrece, tiene la opci\u00f3n de hacerlo.<\/p>\n<p>4- Al igual que en todos los espacios curriculares, para terminar de acreditar el taller y cerrar calificaciones es imprescindible que los estudiantes realicen la firma de libreta. De lo contrario el espacio no quedar\u00e1 acreditado aunque se haya cursado.<\/p>\n<p>5- Al igual que todos los espacios curriculares, la aprobaci\u00f3n de la cursada tendr\u00e1 una validez de cinco a\u00f1os.<\/p>\n","protected":false},"excerpt":{"rendered":"<p>La aprobaci\u00f3n de la cursada es de por lo menos una instancia individual, escrita, presencial por\u00a0 cuatrimestre (con sus respectivos recuperatorios). Para acceder a la instancia de cierre: 1- Quienes obtuvieren una calificaci\u00f3n entre 4 (cuatro) y 10 (diez) puntos en la cursada, deber\u00e1n presentarse a la instancia de mesa de examen de la materia &#8230; <a title=\"14- \u00bfC\u00f3mo se acreditan los talleres de Pensamiento l\u00f3gico matem\u00e1tico y el Taller de lectura escritura y oralidad de primer a\u00f1o de las carreras de Inicial, Primaria y Especial?\" class=\"read-more\" href=\"https:\/\/isfd1-bue.infd.edu.ar\/sitio\/14-como-se-acreditan-los-talleres-de-pensamiento-logico-matematico-y-el-taller-de-lectura-escritura-y-oralidad-de-primer-ano-de-las-carreras-de-inicial-primaria-y-especial\/\" aria-label=\"More on 14- \u00bfC\u00f3mo se acreditan los talleres de Pensamiento l\u00f3gico matem\u00e1tico y el Taller de lectura escritura y oralidad de primer a\u00f1o de las carreras de Inicial, Primaria y Especial?\">[+]<\/a><\/p>\n","protected":false},"author":1584,"featured_media":0,"comment_status":"open","ping_status":"open","sticky":false,"template":"","format":"standard","meta":[],"categories":[18,1],"tags":[],"acf":[],"_links":{"self":[{"href":"https:\/\/isfd1-bue.infd.edu.ar\/sitio\/wp-json\/wp\/v2\/posts\/1814"}],"collection":[{"href":"https:\/\/isfd1-bue.infd.edu.ar\/sitio\/wp-json\/wp\/v2\/posts"}],"about":[{"href":"https:\/\/isfd1-bue.infd.edu.ar\/sitio\/wp-json\/wp\/v2\/types\/post"}],"author":[{"embeddable":true,"href":"https:\/\/isfd1-bue.infd.edu.ar\/sitio\/wp-json\/wp\/v2\/users\/1584"}],"replies":[{"embeddable":true,"href":"https:\/\/isfd1-bue.infd.edu.ar\/sitio\/wp-json\/wp\/v2\/comments?post=1814"}],"version-history":[{"count":1,"href":"https:\/\/isfd1-bue.infd.edu.ar\/sitio\/wp-json\/wp\/v2\/posts\/1814\/revisions"}],"predecessor-version":[{"id":1815,"href":"https:\/\/isfd1-bue.infd.edu.ar\/sitio\/wp-json\/wp\/v2\/posts\/1814\/revisions\/1815"}],"wp:attachment":[{"href":"https:\/\/isfd1-bue.infd.edu.ar\/sitio\/wp-json\/wp\/v2\/media?parent=1814"}],"wp:term":[{"taxonomy":"category","embeddable":true,"href":"https:\/\/isfd1-bue.infd.edu.ar\/sitio\/wp-json\/wp\/v2\/categories?post=1814"},{"taxonomy":"post_tag","embeddable":true,"href":"https:\/\/isfd1-bue.infd.edu.ar\/sitio\/wp-json\/wp\/v2\/tags?post=1814"}],"curies":[{"name":"wp","href":"https:\/\/api.w.org\/{rel}","templated":true}]}}